{"id":14350,"date":"2024-06-07T09:53:57","date_gmt":"2024-06-07T09:53:57","guid":{"rendered":"https:\/\/www.eestimetsaabiks.ee\/?p=14350"},"modified":"2024-07-02T09:54:23","modified_gmt":"2024-07-02T09:54:23","slug":"kas-metsatoostuse-algatatud-meeleavaldusel-osalesid-nahtamatud-inimesed","status":"publish","type":"post","link":"https:\/\/www.eestimetsaabiks.ee\/eng\/kas-metsatoostuse-algatatud-meeleavaldusel-osalesid-nahtamatud-inimesed\/","title":{"rendered":"KAS METSAT\u00d6\u00d6STUSE ALGATATUD MEELEAVALDUSEL OSALESID N\u00c4HTAMATUD INIMESED?"},"content":{"rendered":"\n<p>Erametsaliidu enesekindlus on vankumatu. Saame avalikest teadetest lugeda, et meeleavaldusel osales 700 metsaomanikku. Eesti Metsa Abiks k\u00e4is olukorda kohapeal hindamas ning meie tehtud j\u00e4\u00e4dvustustel on platsi peal n\u00e4ha maksimaalselt 200 inimest. Kallis Toompea aluses parklas seisid kallimas hinnaklassis metsa\u00fchistute kirjadega autod.<\/p>\n\n\n\n<p>K\u00fcsimus: Kuhu kadusid \u00fclej\u00e4\u00e4nud protesteerijad?<\/p>\n\n\n\n<p><a><\/a>Korraldajate poolt on v\u00e4idetud, et inimesi laekus suisa bussit\u00e4ite kaupa. Kerge ja s\u00f5braliku huumoriga pakume v\u00e4lja v\u00f5imaluse, et \u00e4kki l\u00e4ks maarahvas lihtsalt Tallinna vanalinnaga tutvuma ja v\u00f5ttis meeleavalduse toimumise ajal n\u00e4iteks Varblase kohvikus k\u00fclma \u00f5lle, et hiljem taas tasuta bussiga kodu poole veereda, juba m\u00f5nus sumin peas.<\/p>\n\n\n\n<p>Ka Erametsaliidu enda droonij\u00e4\u00e4dvustustelt v\u00f5ime n\u00e4ha, et osalejaid oli kuni paarsada inimest, mitte rohkem.<\/p>\n\n\n\n<p>Muidugi v\u00f5ib meelt avaldada ka v\u00e4iksema arvu inimestega. See on meie vabas riigis oluline p\u00f5hi\u00f5igus. Kuid kas on \u00f5ige anda meediamajadele teada v\u00e4idetavast 800 huvilisest ja hiljem v\u00e4ita, et kohale ilmus 700 meeleavaldajat ning esitleda seda t\u00f5ena, samas kui pildid n\u00e4itavad midagi muud?<\/p>\n\n\n\n<p>Illustreeriv kaader Erametsaliidu videost: <a href=\"https:\/\/www.facebook.com\/erametsaliit\/videos\/985656906169386\/?__cft__[0]=AZXx0RUOgdIhSfCssUG4JM6sQSPXtXHquMuFEKiTsggiVDDEN5-NNK_YURR7faQ1iG4ygfUXaBCxe73KjgJduX0CVTwK4bmdtZG7li5P1naDyec_n8RzNY5xFp27jHS_14J5YZr2ZrKtSp0l_yl45UuNOqj0cdrOjwoYvFYPib2-h0APGsFGmoz8hCl-sfJycsJbuVOh26CuKJ5lYwG_vSmt&amp;__tn__=-UK-R\">https:\/\/www.facebook.com\/erametsaliit\/videos\/985656906169386\/<\/a><\/p>\n","protected":false},"excerpt":{"rendered":"<p>Erametsaliidu enesekindlus on vankumatu. Saame avalikest teadetest lugeda, et meeleavaldusel osales 700 metsaomanikku. Eesti Metsa Abiks k\u00e4is olukorda kohapeal hindamas ning meie tehtud j\u00e4\u00e4dvustustel on platsi peal n\u00e4ha maksimaalselt 200 inimest. Kallis Toompea aluses parklas seisid kallimas hinnaklassis metsa\u00fchistute kirjadega autod. K\u00fcsimus: Kuhu kadusid \u00fclej\u00e4\u00e4nud protesteerijad? Korraldajate poolt on v\u00e4idetud, et inimesi laekus suisa bussit\u00e4ite [&hellip;]<\/p>\n","protected":false},"author":1,"featured_media":14351,"comment_status":"open","ping_status":"open","sticky":false,"template":"","format":"standard","meta":{"inline_featured_image":false,"footnotes":""},"categories":[7],"tags":[],"class_list":["post-14350","post","type-post","status-publish","format-standard","has-post-thumbnail","hentry","category-uudised"],"_links":{"self":[{"href":"https:\/\/www.eestimetsaabiks.ee\/eng\/wp-json\/wp\/v2\/posts\/14350","targetHints":{"allow":["GET"]}}],"collection":[{"href":"https:\/\/www.eestimetsaabiks.ee\/eng\/wp-json\/wp\/v2\/posts"}],"about":[{"href":"https:\/\/www.eestimetsaabiks.ee\/eng\/wp-json\/wp\/v2\/types\/post"}],"author":[{"embeddable":true,"href":"https:\/\/www.eestimetsaabiks.ee\/eng\/wp-json\/wp\/v2\/users\/1"}],"replies":[{"embeddable":true,"href":"https:\/\/www.eestimetsaabiks.ee\/eng\/wp-json\/wp\/v2\/comments?post=14350"}],"version-history":[{"count":1,"href":"https:\/\/www.eestimetsaabiks.ee\/eng\/wp-json\/wp\/v2\/posts\/14350\/revisions"}],"predecessor-version":[{"id":14352,"href":"https:\/\/www.eestimetsaabiks.ee\/eng\/wp-json\/wp\/v2\/posts\/14350\/revisions\/14352"}],"wp:featuredmedia":[{"embeddable":true,"href":"https:\/\/www.eestimetsaabiks.ee\/eng\/wp-json\/wp\/v2\/media\/14351"}],"wp:attachment":[{"href":"https:\/\/www.eestimetsaabiks.ee\/eng\/wp-json\/wp\/v2\/media?parent=14350"}],"wp:term":[{"taxonomy":"category","embeddable":true,"href":"https:\/\/www.eestimetsaabiks.ee\/eng\/wp-json\/wp\/v2\/categories?post=14350"},{"taxonomy":"post_tag","embeddable":true,"href":"https:\/\/www.eestimetsaabiks.ee\/eng\/wp-json\/wp\/v2\/tags?post=14350"}],"curies":[{"name":"wp","href":"https:\/\/api.w.org\/{rel}","templated":true}]}}