{"id":14368,"date":"2024-01-30T10:02:51","date_gmt":"2024-01-30T10:02:51","guid":{"rendered":"https:\/\/www.eestimetsaabiks.ee\/?p=14368"},"modified":"2024-07-02T10:03:30","modified_gmt":"2024-07-02T10:03:30","slug":"millises-seisus-on-meie-loodus-aasta-2024-alguses-votame-kokku-hea-ja-halva","status":"publish","type":"post","link":"https:\/\/www.eestimetsaabiks.ee\/eng\/millises-seisus-on-meie-loodus-aasta-2024-alguses-votame-kokku-hea-ja-halva\/","title":{"rendered":"MILLISES SEISUS ON MEIE LOODUS AASTA 2024 ALGUSES, V\u00d5TAME KOKKU HEA JA HALVA"},"content":{"rendered":"\n<p><img decoding=\"async\" height=\"16\" width=\"16\" alt=\"\u2705\" src=\"https:\/\/static.xx.fbcdn.net\/images\/emoji.php\/v9\/t33\/1\/16\/2705.png\"> Kaitsealad<\/p>\n\n\n\n<p>Kaitsealade tulevik on Eestis paremas seisus kui kunagi varem. Minevik on paraku traagiline ning meie kaitsealade piiranguv\u00f6\u00f6ndid, mis v\u00f5iksid olla justkui puhvertsooniks puhtalt majandatava ja kaitstava ala vahel, on kohati armutult lageraiutud. See, et oleme tuleviku osas optimistlikud, ei t\u00e4henda seda, et meie kaitsealad on t\u00e4na ideaalselt kaitstud. Kuid poliitilised otsused on tehtud, <a><\/a>et kaitsealad oleksid edaspidi p\u00e4riselt kaitstud. Kui t\u00e4naseni on kaitsealade piiranguv\u00f6\u00f6ndites toimunud v\u00e4hemintensiivse majandamise asemel t\u00e4istuuridel lageraiumine, siis see peaks n\u00fc\u00fcd ajalukku j\u00e4\u00e4ma.<\/p>\n\n\n\n<p><img decoding=\"async\" height=\"16\" width=\"16\" alt=\"\ud83d\udccd\" src=\"https:\/\/static.xx.fbcdn.net\/images\/emoji.php\/v9\/t2d\/1\/16\/1f4cd.png\"> Eesti Metsa Abiks (EMA) v\u00f5itis m\u00f6\u00f6dunud aasta l\u00f5pul k\u00fcmnendi olulisema kohtuasja ning l\u00e4bi selle on olemas pretsedent, et Natura 2000 aladel ei tohi edaspidi raieid teostada ilma ala terviklikkusele m\u00f5ju hindamata.<\/p>\n\n\n\n<p>Majandustegevusi saaks l\u00e4bi viia siis, kui m\u00f5ju puudub. Loomulikult on igasugusel uuendusraiel negatiivne m\u00f5ju ning Natura 2000 alade lageraiumine saab loodetavasti selle kohtuasja raames n\u00fc\u00fcd l\u00e4bi.<\/p>\n\n\n\n<p>Meie kohtuasja toetas Euroopa Komisjoni rikkumismenetlus Eesti vastu, mis n\u00f5uab sisuliselt sama &#8211; Natura 2000 aladel ei tohi raiuda m\u00f5jusid hindamata.<\/p>\n\n\n\n<p>EMA kohtuasi algas veebruaris 2021, Euroopa Komisjoni rikkumismenetlus sai avalikkusele ja ka EMA-le teatavaks juunis 2021, loetud kuud hiljem.<\/p>\n\n\n\n<p>Teame, et t\u00e4na on Keskkonnaamet kibekiiresti uudset protokolli loomas, et s\u00e4\u00e4stlik praktika paika saaks. Hoiame sellel protsessil hoolega silma peal. Keskkonnaamet ei olnud kahjuks n\u00f5us EMA-d uute lahenduste v\u00e4ljat\u00f6\u00f6tamisse kaasama, kuid teame, et lahenduste leidmine on hetkel t\u00f6\u00f6s. T\u00e4nase seisuga on Keskkonnaametile antud t\u00e4htaeg, mis j\u00f5uab k\u00e4tte v\u00e4hem kui kahe kuu p\u00e4rast. Vaatame siis, millega nad v\u00e4lja tulevad!<\/p>\n\n\n\n<p>Riigimetsa Majandamise Keskus (RMK) andis paar p\u00e4eva peale meie kohtuotsust teada, et nad on ise otsustanud oma uue arengukava raames kaitsealade lageraiumise l\u00f5petada. Usume, et see ei ole t\u00f5si &#8211; nad ei saa kaitsealadel raieid teha, kuna sisuliselt kaotasid EMA-le kohtus.<\/p>\n\n\n\n<p>Igal juhul riigimetsades kaitsealadel raieid tulevikus enam teha ei saa.<\/p>\n\n\n\n<p><img decoding=\"async\" height=\"16\" width=\"16\" alt=\"\u274c\" src=\"https:\/\/static.xx.fbcdn.net\/images\/emoji.php\/v9\/tdd\/1\/16\/274c.png\"> Kaitsealuste liikide elupaigad majandusmetsades<\/p>\n\n\n\n<p>Kaitsealuste liikide elupaigad v\u00e4ljaspool kaitsealasid on kahjuks pea t\u00e4ielikult ilma kaitseta. Teame, et osade liikide, n\u00e4iteks metsise puhul, on hetkel uus kaitsekorralduskava t\u00f6\u00f6s ning kaitstud elupaikade pindala peaks suurenema, kuid v\u00e4ga paljude liikide kaitse on minimaalne. Seadus n\u00e4eb ette selle, et n\u00e4iteks I ja II kaitsekategooria lindude \u201cp\u00fcsielupaik\u201d tuleb j\u00e4tta raietest puutumata ja on justkui kaitstud. Kuid praktikas t\u00e4hendab see seda, et n\u00e4iteks lindude puhul j\u00e4\u00e4b raiumata pesapuu ja pesapuu \u00fcmber n\u00e4iteks 100 meetri raadiuses ring. Osadel liikidel on see ring veidi suurem, kuid see ei kata \u00e4ra tervet elupaika. Lindude koduterritoorium on oluliselt suurem ala ja see kaitse on nii minimaalne, selline k\u00e4itumine kaitset vajavate liikidega on kultuuritu ja h\u00e4iriv, sellise olukorraga ei saa mitte kuidagi leppida.<\/p>\n\n\n\n<p>Oleme \u00f5nneks saanud vastuse ministeeriumi eluslooduse asekantslerilt, et ka ministeeriumi hinnangul vajavad kaitsealuste liikide elupaigad v\u00e4ljaspool kaitsealasid lisakaitset.<\/p>\n\n\n\n<p>Eesti Metsa Abiks t\u00f6\u00f6 on olnud neid juhtumeid avalikustada ning tuua teadlikkust, et muutused on vajalikud. T\u00e4na on meil t\u00f6\u00f6s lugu \u00fchest I kaitsekategooria linnust, kelle elupaik on lageraiutud. \u00d5ige pea saame ka selle juhtumi avalikustada.<\/p>\n\n\n\n<p><img decoding=\"async\" height=\"16\" width=\"16\" alt=\"\u274c\" src=\"https:\/\/static.xx.fbcdn.net\/images\/emoji.php\/v9\/tdd\/1\/16\/274c.png\"> KAH-alad ehk kogukonnametsad<\/p>\n\n\n\n<p>Kogukonnametsad on t\u00e4na suurema kirvel\u00f6\u00f6gi all kui kunagi varem. RMK esindajad k\u00e4ivad m\u00f6\u00f6da kliimaministeeriumi kabinette jutuga, et kogukonnad on neil t\u00fclinaks jalus ja kogukonnametsade lageraiumine l\u00e4bi selle raskendatud. N\u00fc\u00fcd on v\u00e4lja m\u00f5eldud ideaalne jokk-skeem, kus kodumetsade raieplaane soovitakse kinnitama hakata kohalike omavalitsuste kabinetivaikuses. Igasuguse kaasamise jutt selle juures on vaid meelepete.<\/p>\n\n\n\n<p>EMA loodab, et meie otsustajatel on olemas s\u00fcdametunnistus ning Eesti Vabariigis ei v\u00f5eta vastu mitte \u00fchtegi uut seadust, mis vabale \u00fchiskonnale sobimatu on. Eesti inimestel peab j\u00e4\u00e4ma kaasar\u00e4\u00e4kimis\u00f5igus ja ka otsustamis\u00f5igus selle \u00fcle, kuidas meie kodul\u00e4hedaste riigimetsadega \u00fcmber k\u00e4iakse.<\/p>\n\n\n\n<p>Eesti Metsa Abiks on t\u00e4ielikult vastu sellele, et sellist seaduseeln\u00f5u l\u00e4bi surutakse, mis kogukondasid vaigistab. Eesm\u00e4rk on \u00fcks, inimestele oluliste metsade lageraiumine. Sellist asja ei saa lubada!<\/p>\n\n\n\n<p><img loading=\"lazy\" decoding=\"async\" height=\"16\" width=\"16\" alt=\"\u27a1\ufe0f\" src=\"https:\/\/static.xx.fbcdn.net\/images\/emoji.php\/v9\/t9e\/1\/16\/27a1.png\"> Sellele postitusele tuleb j\u00e4rg, kus r\u00e4\u00e4gime, kui h\u00e4sti on t\u00e4nasel p\u00e4eval kaitstud j\u00e4rgmistel alad: Natura metsaelupaigad kaitsealadel, Natura metsaelupaigad v\u00e4ljaspool kaitsealasid, potentsiaalsed Natura elupaigad. Lisaks, milline saab tulevikus olema \u00fcldine raiemaht (kas liigume lahenduste suunas), kuidas on kaitstud v\u00e4\u00e4riselupaigad, milline on kaitsealuse metsamaa protsent, kuidas elavad meie linnud ning ka sellest, milline on kuivendamise m\u00f5ju meie keskkonnale.<\/p>\n\n\n\n<p>Palun toeta v\u00f5imalusel EMA t\u00f6\u00f6d: <a href=\"https:\/\/l.facebook.com\/l.php?u=https%3A%2F%2Fwww.eestimetsaabiks.ee%2Ftoeta%2F%3Ffbclid%3DIwZXh0bgNhZW0CMTAAAR0RJi-5_Hczj_cffkB7mEQSvwAVRVRGRD7evIsdXq-cfKgRNUmBLROgelk_aem_9tpOugWD0O-M-vlLlNEMWw&amp;h=AT32lNjS2W_j17CtXV08I9kVd17YwpaMuEU19PJnBXWknJ_rOsl4pEGt_Zt8I0yphkk87voXkj1tMDzIJ0jJ2guZyxrU8bUIWMvriSDQrl-ncQB8_nbK6TQt-IVBKaE4P54c&amp;__tn__=-UK-R&amp;c[0]=AT2sfuIAUMBgxn3T2FBuh8UqQ1gNrbunXRYNmhBUqWR20FwAfJEv1nI4_CyWbZgj8vvBRc150ZHr07PZzKJLS8j6jaXAT8noGcWoZyyHY8Z1MZVa058lKRu463ZIrnIJVgZ-P7cDkx60v23Yb7ek4R4ynYw-14BPw9N4NU7jjfjdG75urcRdhcvtS3_ThAYIhDyAyFEO32KzqZNm7G_bgsmm7VGy0kjgPlH6\" rel=\"noreferrer noopener\" target=\"_blank\">https:\/\/www.eestimetsaabiks.ee\/toeta\/<\/a><\/p>\n\n\n\n<p>MT\u00dc EESTI METSA ABIKS<\/p>\n\n\n\n<p>LHV: EE667700771002643778<\/p>\n\n\n\n<p>Ait\u00e4h <img loading=\"lazy\" decoding=\"async\" height=\"16\" width=\"16\" alt=\"\ud83d\ude4f\" src=\"https:\/\/static.xx.fbcdn.net\/images\/emoji.php\/v9\/t80\/1\/16\/1f64f.png\"><\/p>\n\n\n\n<p>Foto on illustratiivne, autor <a href=\"https:\/\/www.facebook.com\/AdamiWP?__cft__[0]=AZXCk8YH06PqirIilkxKwZzeB36aK4XvHkCC1GugrJqCguwb7J-6VGSqQcbAnxNV9R1wwCdNMKsI5L8BDq3IAjlVA3PwhDNwP4Exp0R5KVISgLjrVYW7oTduA5pxH7we7uJBMi3jeHkTuLQhs2sr1fDGDtOlyjoErNBqZ3kmjF2qrukgZb8f3MY5oyLqFtfHSIU40Ym3HYiwgFnyONYZxAMP&amp;__tn__=-]K-R\">Karl Adami Wildlife Photography<\/a><\/p>\n\n\n\n<p>Fotol poseerib v\u00e4rbkakk.<\/p>\n","protected":false},"excerpt":{"rendered":"<p>Kaitsealad Kaitsealade tulevik on Eestis paremas seisus kui kunagi varem. Minevik on paraku traagiline ning meie kaitsealade piiranguv\u00f6\u00f6ndid, mis v\u00f5iksid olla justkui puhvertsooniks puhtalt majandatava ja kaitstava ala vahel, on kohati armutult lageraiutud. See, et oleme tuleviku osas optimistlikud, ei t\u00e4henda seda, et meie kaitsealad on t\u00e4na ideaalselt kaitstud. Kuid poliitilised otsused on tehtud, et [&hellip;]<\/p>\n","protected":false},"author":1,"featured_media":14369,"comment_status":"open","ping_status":"open","sticky":false,"template":"","format":"standard","meta":{"inline_featured_image":false,"footnotes":""},"categories":[7],"tags":[],"class_list":["post-14368","post","type-post","status-publish","format-standard","has-post-thumbnail","hentry","category-uudised"],"_links":{"self":[{"href":"https:\/\/www.eestimetsaabiks.ee\/eng\/wp-json\/wp\/v2\/posts\/14368","targetHints":{"allow":["GET"]}}],"collection":[{"href":"https:\/\/www.eestimetsaabiks.ee\/eng\/wp-json\/wp\/v2\/posts"}],"about":[{"href":"https:\/\/www.eestimetsaabiks.ee\/eng\/wp-json\/wp\/v2\/types\/post"}],"author":[{"embeddable":true,"href":"https:\/\/www.eestimetsaabiks.ee\/eng\/wp-json\/wp\/v2\/users\/1"}],"replies":[{"embeddable":true,"href":"https:\/\/www.eestimetsaabiks.ee\/eng\/wp-json\/wp\/v2\/comments?post=14368"}],"version-history":[{"count":1,"href":"https:\/\/www.eestimetsaabiks.ee\/eng\/wp-json\/wp\/v2\/posts\/14368\/revisions"}],"predecessor-version":[{"id":14370,"href":"https:\/\/www.eestimetsaabiks.ee\/eng\/wp-json\/wp\/v2\/posts\/14368\/revisions\/14370"}],"wp:featuredmedia":[{"embeddable":true,"href":"https:\/\/www.eestimetsaabiks.ee\/eng\/wp-json\/wp\/v2\/media\/14369"}],"wp:attachment":[{"href":"https:\/\/www.eestimetsaabiks.ee\/eng\/wp-json\/wp\/v2\/media?parent=14368"}],"wp:term":[{"taxonomy":"category","embeddable":true,"href":"https:\/\/www.eestimetsaabiks.ee\/eng\/wp-json\/wp\/v2\/categories?post=14368"},{"taxonomy":"post_tag","embeddable":true,"href":"https:\/\/www.eestimetsaabiks.ee\/eng\/wp-json\/wp\/v2\/tags?post=14368"}],"curies":[{"name":"wp","href":"https:\/\/api.w.org\/{rel}","templated":true}]}}