{"id":14421,"date":"2023-06-26T08:52:00","date_gmt":"2023-06-26T08:52:00","guid":{"rendered":"https:\/\/www.eestimetsaabiks.ee\/?p=14421"},"modified":"2024-07-03T08:53:19","modified_gmt":"2024-07-03T08:53:19","slug":"eesti-metsa-abiks-nouab-kaitseministeeriumilt-aktiivset-looduskaitset","status":"publish","type":"post","link":"https:\/\/www.eestimetsaabiks.ee\/eng\/eesti-metsa-abiks-nouab-kaitseministeeriumilt-aktiivset-looduskaitset\/","title":{"rendered":"EESTI METSA ABIKS N\u00d5UAB KAITSEMINISTEERIUMILT AKTIIVSET LOODUSKAITSET"},"content":{"rendered":"\n<p>Jagame Harju Elu artiklit, mis on valminud EMA osalusel ja kus on v\u00e4lja toodud meie n\u00f5udmised Kaitseministeeriumile, kaitset vajab nii Eesti riik kui Eesti loodus.<\/p>\n\n\n\n<p><img decoding=\"async\" height=\"16\" width=\"16\" alt=\"\u27a1\ufe0f\" src=\"https:\/\/static.xx.fbcdn.net\/images\/emoji.php\/v9\/t9e\/1\/16\/27a1.png\"> Eraldi ja v\u00e4ga keeruline k\u00fcsimus on muidugi nii Nursipalu kui Soodla laienemisega seoses, kuid oleme hetkel siin artiklis keskendunud sellele, et olemasolevatel aladel oleks loodus maksimaalselt kaitstud. S\u00fcdamest v\u00e4ga toetame nii Nursipalu kui <a><\/a>Soodla inimeste ennastsalgavat v\u00f5itlust oma elukeskkonna s\u00e4ilimise nimel. Ka minu maakodu on Soodla piiri peal ja mul puudub teadmine, kuidas suved seal edaspidi m\u00f6\u00f6duma hakkavad, kas saan veel vaikust ja linnulaulu kuulata v\u00f5i mitte. Kuid praegu kirjutame loodusest.<\/p>\n\n\n\n<p><img decoding=\"async\" height=\"16\" width=\"16\" alt=\"\u27a1\ufe0f\" src=\"https:\/\/static.xx.fbcdn.net\/images\/emoji.php\/v9\/t9e\/1\/16\/27a1.png\"> EMA poole pealt andsid Harju Elu ajakirjanikule kommentaare Helena Eenok ja Vahur V\u00e4rk, kes on samas ka Soodla Kaitseks MT\u00dc juhatuse liige.<\/p>\n\n\n\n<p><img decoding=\"async\" height=\"16\" width=\"16\" alt=\"\u27a1\ufe0f\" src=\"https:\/\/static.xx.fbcdn.net\/images\/emoji.php\/v9\/t9e\/1\/16\/27a1.png\"> Ehk tundub kummaline, et oleme v\u00e4lja toonud selle, kuidas USA-s on s\u00f5jav\u00e4ealadel looduskaitse korraldatud, kuid see on hea eeskuju ka Eestile. Paralleelselt s\u00f5jav\u00e4eliste harjutustega on sealse Kaitseministeeriumi palgal looduskaitseteadlased, kes viivad aladel l\u00e4bi aktiivset liigikaitset, teadus- ja haridusprogramme. Neil on ka eraldi seadus, mis sellist koost\u00f6\u00f6d looduskaitse ja s\u00f5jav\u00e4e vahel reguleerib, sellist praktikat on ka Eestisse vaja.<\/p>\n\n\n\n<p><img decoding=\"async\" height=\"16\" width=\"16\" alt=\"\u27a1\ufe0f\" src=\"https:\/\/static.xx.fbcdn.net\/images\/emoji.php\/v9\/t9e\/1\/16\/27a1.png\"> Seadusega n\u00f5utavad plaanid peavad sisaldama tegevusi, mida kasutatakse elupaikade taastamiseks, ohustatud ja haruldaste liikide kaitsmiseks ning metsloomade ja -lindude populatsioonide haldamiseks.<\/p>\n\n\n\n<p>\u201eSeaduse eesm\u00e4rk on s\u00e4ilitada ja parandada looduskeskkonda s\u00f5jav\u00e4ebaasides ja nendega seotud maadel. See t\u00e4hendab, et looduskaitselised j\u00f5upingutused h\u00f5lmavad mitte ainult pol\u00fcgoone \u00fcmbritsevat ala, vaid ka baasi sees asuvaid maa-alasid. Pol\u00fcgoonid on sageli suured ja nendes v\u00f5ivad leiduda olulised elupaigad ning haruldased ja ohustatud liigid,\u201c selgitab Eesti Metsa Abiks (EMA) juhatuse liige Helena Eenok.<\/p>\n\n\n\n<p><img decoding=\"async\" height=\"16\" width=\"16\" alt=\"\u27a1\ufe0f\" src=\"https:\/\/static.xx.fbcdn.net\/images\/emoji.php\/v9\/t9e\/1\/16\/27a1.png\"> EMA on kirjutamas ka avalikku p\u00f6\u00f6rdumist, mis juhib t\u00e4helepanu sellele, et Kaitseministeerium on seoses suurenenud julgeolekuriskiga laiendamas kaitsev\u00e4e kasutuses olevaid alasid mitmel pool Eestis. Riigi kaitsev\u00f5ime t\u00f5stmine on vaieldamatult oluline ning vajalik ning protsessi k\u00e4igus tuleks kompromisside leidmiseks l\u00e4bi r\u00e4\u00e4kida erinevate seotud huvigruppidega. P\u00f6\u00f6rdumine esindab looduskaitsjate huvigrupi kompromissettepanekut, mille rakendamine v\u00f5imaldaks Kaitseministeeriumi tegevusele anda looduskaitseorganisatsioonide poolt suurema toetuse.<\/p>\n\n\n\n<p><img decoding=\"async\" height=\"16\" width=\"16\" alt=\"\u27a1\ufe0f\" src=\"https:\/\/static.xx.fbcdn.net\/images\/emoji.php\/v9\/t9e\/1\/16\/27a1.png\"> Lisaks leiame, et kuigi Kaitseministeerium on tellinud kaitsev\u00e4ealadele hulgaliselt inventuure ning liikide seireid, pole need piisavad selleks, et omada adekvaatset \u00fclevaadet \u00f6kos\u00fcsteemide olukorrast kaitsev\u00e4ealadel. Vajalik on mitmek\u00fclgne ja integreeritud l\u00e4henemine. Lisaks inventuuridele ja liikide seiretele peaks Kaitseministeerium eraldama rahalisi vahendeid selleks, et nende alluvuses t\u00f6\u00f6taks liikide kaitsele spetsialiseerunud osakond, mis teeks tihedat koost\u00f6\u00f6d teadusasutuste, \u00fclikoolide ja kodaniku\u00fchiskonna organisatsioonidega.<\/p>\n\n\n\n<p>Loe edasi siit: <a href=\"https:\/\/l.facebook.com\/l.php?u=https%3A%2F%2Fharjuelu.ee%2Fsoodla-harjutusvali-mures-on-nii-kohalikud-kui-looduskaitsjad%2F%3Ffbclid%3DIwZXh0bgNhZW0CMTAAAR0XJeyRqYJU1SGM-gxw4Kiqo_oLuYJyACELC8R793PBjuDqUws4eryXSxs_aem_CxY9pd6kqb1aMPFrlsHyoA&amp;h=AT3iHZcii0_MzVHGHoeSxKWsuWryDJWfVFhQPsYGyKxjhqz1YgTGEtO0nAaaLGxaSF8Z7fxLknJaVtSdxpGsYHpgQBq1JoSRtyoaUjgYEsR319QVz5eXXvz8SbaG-lCHhtDo&amp;__tn__=-UK-R&amp;c[0]=AT25AUjhM8Ew6hSf0L-xnqyNOsIKb8Kqo_QIzQUSWD0bCbzEp94kKpfA6ltMQmy9lUhlASxROvxmnexeK-dwBX0i2ioFob3VpBlNwE8z4_gP2skzOTZoa-0ec5nVwTJrJPc_00VPj-IlanVpa-lnQC0PohagM6Jc2R9wdhFlW6tbaEyUOiPeroLknXWp9YDoZcTnVWOeaAbul9-ShR8XGQEtymU5qZKEvMyP\" rel=\"noreferrer noopener\" target=\"_blank\">https:\/\/harjuelu.ee\/soodla-harjutusvali-mures-on-nii&#8230;\/<\/a><\/p>\n\n\n\n<p>Fotol on Jussi N\u00f5mm.<\/p>\n\n\n\n<p>Foto Wikipediast: Hannu \u2013 <a href=\"https:\/\/commons.wikimedia.org\/w\/index.php?curid=5054203&amp;fbclid=IwZXh0bgNhZW0CMTAAAR1PJJ70Ux7x1CGpmRoBTI3DVL8vgBg7WvdumKN2esUgRLldVxZYjb6dCyQ_aem_U0tEz8bixU1_g5e1klrSUg\" rel=\"noreferrer noopener\" target=\"_blank\">https:\/\/commons.wikimedia.org\/w\/index.php?curid=5054203<\/a><\/p>\n","protected":false},"excerpt":{"rendered":"<p>Jagame Harju Elu artiklit, mis on valminud EMA osalusel ja kus on v\u00e4lja toodud meie n\u00f5udmised Kaitseministeeriumile, kaitset vajab nii Eesti riik kui Eesti loodus. Eraldi ja v\u00e4ga keeruline k\u00fcsimus on muidugi nii Nursipalu kui Soodla laienemisega seoses, kuid oleme hetkel siin artiklis keskendunud sellele, et olemasolevatel aladel oleks loodus maksimaalselt kaitstud. S\u00fcdamest v\u00e4ga toetame [&hellip;]<\/p>\n","protected":false},"author":1,"featured_media":14422,"comment_status":"open","ping_status":"open","sticky":false,"template":"","format":"standard","meta":{"inline_featured_image":false,"footnotes":""},"categories":[7],"tags":[],"class_list":["post-14421","post","type-post","status-publish","format-standard","has-post-thumbnail","hentry","category-uudised"],"_links":{"self":[{"href":"https:\/\/www.eestimetsaabiks.ee\/eng\/wp-json\/wp\/v2\/posts\/14421","targetHints":{"allow":["GET"]}}],"collection":[{"href":"https:\/\/www.eestimetsaabiks.ee\/eng\/wp-json\/wp\/v2\/posts"}],"about":[{"href":"https:\/\/www.eestimetsaabiks.ee\/eng\/wp-json\/wp\/v2\/types\/post"}],"author":[{"embeddable":true,"href":"https:\/\/www.eestimetsaabiks.ee\/eng\/wp-json\/wp\/v2\/users\/1"}],"replies":[{"embeddable":true,"href":"https:\/\/www.eestimetsaabiks.ee\/eng\/wp-json\/wp\/v2\/comments?post=14421"}],"version-history":[{"count":1,"href":"https:\/\/www.eestimetsaabiks.ee\/eng\/wp-json\/wp\/v2\/posts\/14421\/revisions"}],"predecessor-version":[{"id":14423,"href":"https:\/\/www.eestimetsaabiks.ee\/eng\/wp-json\/wp\/v2\/posts\/14421\/revisions\/14423"}],"wp:featuredmedia":[{"embeddable":true,"href":"https:\/\/www.eestimetsaabiks.ee\/eng\/wp-json\/wp\/v2\/media\/14422"}],"wp:attachment":[{"href":"https:\/\/www.eestimetsaabiks.ee\/eng\/wp-json\/wp\/v2\/media?parent=14421"}],"wp:term":[{"taxonomy":"category","embeddable":true,"href":"https:\/\/www.eestimetsaabiks.ee\/eng\/wp-json\/wp\/v2\/categories?post=14421"},{"taxonomy":"post_tag","embeddable":true,"href":"https:\/\/www.eestimetsaabiks.ee\/eng\/wp-json\/wp\/v2\/tags?post=14421"}],"curies":[{"name":"wp","href":"https:\/\/api.w.org\/{rel}","templated":true}]}}