{"id":1570,"date":"2018-02-05T06:21:19","date_gmt":"2018-02-05T04:21:19","guid":{"rendered":"http:\/\/eestimetsaabiks.emaliikumine.ee\/?page_id=1570"},"modified":"2021-09-21T16:50:47","modified_gmt":"2021-09-21T16:50:47","slug":"05-02-2018-amet-rikkus-looduskaitseseadust","status":"publish","type":"post","link":"https:\/\/www.eestimetsaabiks.ee\/eng\/05-02-2018-amet-rikkus-looduskaitseseadust\/","title":{"rendered":"05.02.2018: AMET RIKKUS LOODUSKAITSESEADUST"},"content":{"rendered":"<p class=\"western\"><span style=\"color: #000000;\"><span style=\"font-family: Arial, sans-serif;\"><span style=\"font-size: medium;\">PRESSITEADE<\/span><\/span><\/span><\/p>\n<p class=\"western\"><span style=\"color: #000080;\"><span lang=\"zxx\"><u><a href=\"http:\/\/www.eestimetsaabiks.ee\/eng\/\"><span style=\"font-family: Arial, sans-serif;\">Kodaniku\u00fchendus Eesti Metsa Abiks<\/span><\/a><\/u><\/span><\/span><span style=\"color: #000000;\"><span style=\"font-family: Arial, sans-serif;\"><span style=\"font-size: medium;\"><br \/>\n05.02.2018<\/span><\/span><\/span><\/p>\n<p class=\"western\"><span style=\"font-family: Arial, sans-serif;\"><span style=\"font-size: large;\"><b>Keskkonnaamet rikkus Looduskaitseseadust, ent v\u00e4rbkaku p\u00e4rast v\u00f5ib ilmselt muretu olla<\/b><\/span><\/span><\/p>\n<p class=\"western\"><span style=\"font-family: Arial, sans-serif;\"><b>L\u00e4inud n\u00e4dala l\u00f5pul p\u00f6\u00f6rdus <\/b><\/span><span style=\"color: #000080;\"><span lang=\"zxx\"><u><a href=\"https:\/\/www.eestimetsaabiks.ee\/eng\/2-02-2018-raie-kaku-pesitsusalal\/\"><span style=\"font-family: Arial, sans-serif;\"><b>EMA Keskkonnaameti ning Keskkonnainspektsiooni poole<\/b><\/span><\/a><\/u><\/span><\/span><span style=\"font-family: Arial, sans-serif;\"><b>, et teavitada raiest v\u00e4rbkaku piiritletud elupaigas. Ehkki kodaniku\u00fchenduse poolt esitatud k\u00fcsimused pole veel l\u00f5plikke vastuseid saanud, selgitas Keskkonnaamet juba samal p\u00e4rastl\u00f5unal, et raie on nende hinnangul seaduslik ning linnule suhteliselt ohutu.<\/b><\/span><\/p>\n<p class=\"western\"><span style=\"font-family: Arial, sans-serif;\">Erialaspetsialistid, kellega EMA konsulteeris, m\u00f6\u00f6nsid, et raie j\u00e4rgib kehtivat seadust ning ei tohiks v\u00e4rbkakule antud puhul liialt ebameeldiv olla, sest lind on talvel liikuv ning \u00fcmbruses on sobivaid metsi veel piisavalt. Samas leiavad eksperdid, et \u00fcldine printsiip, mille kohaselt v\u00f5ib II ja III kategooria piiritletud elupaigad hetkel osaliselt v\u00f5i t\u00e4ielikult h\u00e4vitada, on oluline puuduj\u00e4\u00e4k kehtivas seadusandluses.<\/span><\/p>\n<p class=\"western\"><span style=\"font-family: Arial, sans-serif;\">Samuti osutasid spetsialistid t\u00f5igale, et oma pressiteates avalikustas Keskkonnaamet I kategooria kaitstava liigi p\u00fcsielupaiga koos kinnistu t\u00e4psuse ja liigi nimega, eksides sellega seaduse vastu, mis hoiab \u00e4ra loodusfotograafide v\u00f5i veelgi kahtlasemate tegelaste (n\u00e4iteks salak\u00fcttide) soovimatuid l\u00e4henemiskatseid. EMA palub Keskkonnaametil antud informatsiooni linnu kaitseks meediast tagasi kutsuda.<\/span><\/p>\n<p class=\"western\"><span style=\"color: #000000;\"><span style=\"font-family: Arial, sans-serif;\"><span style=\"font-size: small;\"><b> Lisainfo:<\/b><\/span><\/span><\/span><\/p>\n<p class=\"western\"><b> <\/b><span style=\"color: #000000;\"><span style=\"font-family: Arial, sans-serif;\"><span style=\"font-size: small;\">Kodanikuliikumine Eesti Metsa Abiks<\/span><\/span><\/span><\/p>\n<p class=\"western\"><b> <\/b><span style=\"color: #000080;\"><span lang=\"zxx\"><u><a href=\"http:\/\/www.eestimetsaabiks.ee\/eng\/\"><span style=\"font-family: Arial, sans-serif;\"><span style=\"font-size: small;\">www.eestimetsaabiks.ee<\/span><\/span><\/a><\/u><\/span><\/span><span style=\"color: #000000;\"><span style=\"font-family: Arial, sans-serif;\"><span style=\"font-size: small;\"><br \/>\nMartin Luiga,\u00a0<\/span><\/span><\/span><span style=\"font-size: small; font-family: Arial, sans-serif; color: #000000; text-indent: 0em;\">EMA koordinaator,\u00a0<\/span><span style=\"color: #000080;\"><span lang=\"zxx\"><u><span style=\"font-family: Arial, sans-serif;\"><span style=\"font-size: small;\"><a href=\"mailto:martin@eestimetsaabiks.ee\">martin@eestimetsaabiks.ee,\u00a0<\/a><\/span><\/span><\/u><\/span><\/span><span style=\"font-size: small; font-family: Arial, sans-serif; text-indent: 0em;\">56 711 615<\/span><\/p>","protected":false},"excerpt":{"rendered":"<p>PRESSITEADE Kodaniku\u00fchendus Eesti Metsa Abiks 05.02.2018 Keskkonnaamet rikkus Looduskaitseseadust, ent v\u00e4rbkaku p\u00e4rast v\u00f5ib ilmselt muretu olla L\u00e4inud n\u00e4dala l\u00f5pul p\u00f6\u00f6rdus EMA Keskkonnaameti ning Keskkonnainspektsiooni poole, et teavitada raiest v\u00e4rbkaku piiritletud elupaigas. Ehkki kodaniku\u00fchenduse poolt esitatud k\u00fcsimused pole veel l\u00f5plikke vastuseid saanud, selgitas Keskkonnaamet juba samal p\u00e4rastl\u00f5unal, et raie on nende hinnangul seaduslik ning linnule suhteliselt [&hellip;]<\/p>\n","protected":false},"author":2,"featured_media":0,"comment_status":"closed","ping_status":"closed","sticky":false,"template":"","format":"standard","meta":{"inline_featured_image":false,"footnotes":""},"categories":[7],"tags":[],"class_list":["post-1570","post","type-post","status-publish","format-standard","hentry","category-uudised"],"_links":{"self":[{"href":"https:\/\/www.eestimetsaabiks.ee\/eng\/wp-json\/wp\/v2\/posts\/1570","targetHints":{"allow":["GET"]}}],"collection":[{"href":"https:\/\/www.eestimetsaabiks.ee\/eng\/wp-json\/wp\/v2\/posts"}],"about":[{"href":"https:\/\/www.eestimetsaabiks.ee\/eng\/wp-json\/wp\/v2\/types\/post"}],"author":[{"embeddable":true,"href":"https:\/\/www.eestimetsaabiks.ee\/eng\/wp-json\/wp\/v2\/users\/2"}],"replies":[{"embeddable":true,"href":"https:\/\/www.eestimetsaabiks.ee\/eng\/wp-json\/wp\/v2\/comments?post=1570"}],"version-history":[{"count":1,"href":"https:\/\/www.eestimetsaabiks.ee\/eng\/wp-json\/wp\/v2\/posts\/1570\/revisions"}],"predecessor-version":[{"id":9604,"href":"https:\/\/www.eestimetsaabiks.ee\/eng\/wp-json\/wp\/v2\/posts\/1570\/revisions\/9604"}],"wp:attachment":[{"href":"https:\/\/www.eestimetsaabiks.ee\/eng\/wp-json\/wp\/v2\/media?parent=1570"}],"wp:term":[{"taxonomy":"category","embeddable":true,"href":"https:\/\/www.eestimetsaabiks.ee\/eng\/wp-json\/wp\/v2\/categories?post=1570"},{"taxonomy":"post_tag","embeddable":true,"href":"https:\/\/www.eestimetsaabiks.ee\/eng\/wp-json\/wp\/v2\/tags?post=1570"}],"curies":[{"name":"wp","href":"https:\/\/api.w.org\/{rel}","templated":true}]}}