{"id":2601,"date":"2018-05-16T06:43:38","date_gmt":"2018-05-16T04:43:38","guid":{"rendered":"http:\/\/eestimetsaabiks.emaliikumine.ee\/?page_id=2601"},"modified":"2021-09-21T16:50:46","modified_gmt":"2021-09-21T16:50:46","slug":"ema-ja-lohusalu-elanikud-esitasid-vaide-teemaplaneeringule-millega-kavandatakse-ehituskeeluvoondi-vahendamist-ja-raadamisi","status":"publish","type":"post","link":"https:\/\/www.eestimetsaabiks.ee\/eng\/ema-ja-lohusalu-elanikud-esitasid-vaide-teemaplaneeringule-millega-kavandatakse-ehituskeeluvoondi-vahendamist-ja-raadamisi\/","title":{"rendered":"16.05.2018: EMA JA LOHUSALU ELANIKUD ESITASID VAIDE TEEMAPLANEERINGULE, MILLEGA KAVANDATAKSE EHITUSKEELUV\u00d6\u00d6NDI V\u00c4HENDAMIST JA RAADAMISI"},"content":{"rendered":"<p>&nbsp;<\/p>\n<p><strong><span style=\"font-family: Arial, sans-serif;\">Kodaniku\u00fchendus Eesti Metsa Abiks (EMA) esitas vaide L\u00e4\u00e4ne-Harju Vallavolikogu otsusega vastu v\u00f5etud Lohusalu k\u00fcla osalisele teemaplaneeringule, millega kavandatakse rohev\u00f5rgustiku tuumalale kokku 215 parkimiskohaga parklaid. Vaidele kirjutasid alla ka mitmed kohalikud elanikud, teiste seas helilooja Arvo P\u00e4rt ja tema naine Eleonora P\u00e4rt.<\/span><\/strong><\/p>\n<p>&nbsp;<\/p>\n<figure id=\"attachment_2602\" aria-describedby=\"caption-attachment-2602\" style=\"width: 515px\" class=\"wp-caption alignleft\"><img fetchpriority=\"high\" decoding=\"async\" class=\"wp-image-2602\" src=\"https:\/\/www.eestimetsaabiks.ee\/wp-content\/uploads\/2018\/05\/lisa2_parkla_1_ala_2-300x169.jpg\" alt=\"\" width=\"515\" height=\"290\" \/><figcaption id=\"caption-attachment-2602\" class=\"wp-caption-text\">Parkla 1 jaoks planeeritud ala (2)<\/figcaption><\/figure>\n<p><span style=\"font-family: Arial, sans-serif;\">Kolm suurt parklat kavandatakse otse kaitsemetsadesse, kohtade arvuga vastavalt 50, 60, ja 70 kohta, ning kaks v\u00e4iksemat parklat plaanitakse vastavalt 15 ja 20 kohaga. Paraku on ehitusega kaasnevad metsaraadamised ning ettepanek ehituskeeluv\u00f6\u00f6ndi v\u00e4hendamiseks EMA hinnangul selges vastuolus nii kohalike elanike huvide kui ala looduskaitseliste eesm\u00e4rkidega. Samuti v\u00f5ib sarnaste pretsedentide alusel arvata, et parklate ehitusele ja ehituskeeluv\u00f6\u00f6ndi v\u00e4hendamisele v\u00f5ib j\u00e4rgneda edasine kinnisvaraarendus.<\/span><\/p>\n<p><span style=\"font-family: Arial, sans-serif;\">Planeeringu seletuskirjast selgub, et parklad on kavandatud k\u00f5vakattega ning paigutades need maa-ameti kaardile ja m\u00f5\u00f5tes nende pindala, siis saab tulemuseks, et kavandatavate parklate alla j\u00e4\u00e4v metsapind on kokku ca 1,3 hektarit ehk 13 000 m2. Kuna antud piirkonna t\u00fc\u00fcpilises m\u00e4nnimetsas on keskmiselt 70-90 puud 1000 m2 kohta, siis t\u00e4hendab see, et 1,3 hektari suurusel alal saame me r\u00e4\u00e4kida ligi tuhande puu h\u00e4vitamisest, millest enamik on rannametsa m\u00e4nnid.<\/span><\/p>\n<p><span style=\"font-family: Arial, sans-serif;\">Ranna\u00e4\u00e4rse ehituskeeluv\u00f6\u00f6ndi v\u00e4hendamine, mida samuti planeeringu seletuskirjaga taotletakse, on kodaniku\u00fchenduse ja kohalike elanike hinnangul aga t\u00e4iesti lubamatu, sest ehituskeeluv\u00f6\u00f6ndid on kindlate p\u00f5hjustega kehtestatud. Looduskaitseseaduse \u00a7 34 kohaselt on ranna kaitse eesm\u00e4rk rannal asuvate looduskoosluste s\u00e4ilitamine ning inimtegevusest l\u00e4htuva kahjuliku m\u00f5ju piiramine ja see, et teemaplaneering teeb ettepaneku ehituskeeluv\u00f6\u00f6ndi v\u00e4hendamiseks, ei muuda olematuks suure 70-kohalise ja ca 6000 m2 suurusel alal paikneva parkla negatiivseid m\u00f5jusid merele. <\/span><\/p>\n<figure id=\"attachment_2603\" aria-describedby=\"caption-attachment-2603\" style=\"width: 508px\" class=\"wp-caption alignright\"><img decoding=\"async\" class=\"wp-image-2603\" src=\"https:\/\/www.eestimetsaabiks.ee\/wp-content\/uploads\/2018\/05\/lisa1_parkla_1_ala_1-300x169.jpg\" alt=\"\" width=\"508\" height=\"286\" \/><figcaption id=\"caption-attachment-2603\" class=\"wp-caption-text\">Parkla 1 jaoks planeeritud ala (1)<\/figcaption><\/figure>\n<p><span style=\"font-family: Arial, sans-serif;\">Samuti leitakse seletuskirjas, et \u201eplaneeritud asukohal on lage ala ja mida kasutatakse parkimiseks k\u00e4esoleval ajal. \/&#8230;\/ Parkla 1 kavandatakse lagedale alale ja seega looduslikult sobivasse alasse.\u201c. Seletuskirja pt-s 3.14 t\u00e4psustatakse veel, et \u201eranna ehituskeeluv\u00f6\u00f6ndi v\u00e4hendamise taotluse Lohusalu tee 108 maa\u00fcksusel tingib asjaolu, et olemasoleva avalikult kasutatava tee l\u00f5pus asub looduslikult sobiv asukoht parkimisalale.\u201c Kohapeal alaga tutvudes selgub, et parkla 1 ala on 90% ulatuses kaetud metsaga, kus kasvab v\u00e4ga v\u00e4\u00e4rtuslikke \u00fcksikpuid. Ala keskel kasvab Laulasmaale ja Lohusalule iseloomulik kuldne kibuvits ning seal leidub ka hulgaliselt noort m\u00e4nnikut. Puhast lagedat ala on antud asukohas vaid m\u00f5nisada ruutmeetrit, aga parkla jaoks on reserveeritud sellest mituk\u00fcmmend korda rohkem maad ehk ligi 6000 m2 m\u00e4nnimetsa. <\/span><\/p>\n<p><span style=\"font-family: Arial, sans-serif;\">Kohalike s\u00f5nul on t\u00e4iesti vale v\u00e4ide, et parkla 1 ala kasutatakse parkimiseks, kuna sellele alale s\u00f5itmine on keelatud ning sinna on paigaldatud ka keelum\u00e4rk. Autode ranna-alale p\u00e4\u00e4semise piiramiseks on v\u00f5imalik paigutada Lohusalu tee 108 maa\u00fcksuse ja Lohusalu puhkekodu tee piirile t\u00f5kkepuu. Reaalselt pargivad autod suviti Lohusalu puhkekodu tee rannapoolses tupikotsas, aga mitte parkla 1 alal. \u00c4\u00e4rmiselt eksitav on nimetada parkla 1 tarbeks planeeritud 6000m2 suurust platsi lagedaks alaks, veel enam aga olemasolevaks parkimisalaks. Seega rajanevad ka peamised p\u00f5hjendused, millele ehituskeeluv\u00f6\u00f6ndi v\u00e4hendamine selles asukohas tugineb, ekslikele alustele.<\/span><\/p>\n<figure id=\"attachment_2600\" aria-describedby=\"caption-attachment-2600\" style=\"width: 562px\" class=\"wp-caption alignleft\"><img decoding=\"async\" class=\"wp-image-2600\" src=\"https:\/\/www.eestimetsaabiks.ee\/wp-content\/uploads\/2018\/05\/lisa3_parkla_2_ala-300x169.jpg\" alt=\"\" width=\"562\" height=\"317\" \/><figcaption id=\"caption-attachment-2600\" class=\"wp-caption-text\">Parkla 2 jaoks planeeritud ala<\/figcaption><\/figure>\n<p><span style=\"font-family: Arial, sans-serif;\"><span style=\"font-size: medium;\">Veel selgitatakse planeeringu seletuskirjas, et \u201eparklate 2 ja 3 asukoht Laulasmaa-Lohusalu tee l\u00e4heduses on valitud v\u00e4listamaks parkimist riigitee nr 11395 maa\u00fcksusel l\u00f5unapoolset puhkeala ja randa k\u00fclastavate inimeste poolt ning Lohusalu sadamas toimuvate kontserdite &#8211; \u00fcrituste ajal.\u201c Ometi on ilmne, et \u00fckski \u00fcrituse k\u00fclastaja ei pargi s\u00f5idukit 2 km kaugusele, sest selleks, et kontserdile p\u00e4\u00e4seda, peaks ta k\u00f5ndima edasi-tagasi 2+2 kilomeetrit. V\u00f5ib eeldada, et ka nende parklate rajamise korral j\u00e4tkavad inimesed parkimist sadamale l\u00e4hemal maantee \u00e4\u00e4res. Lisaks sellele on parkimine Lohusalu sadamas toimuvate \u00fcrituste ajal t\u00e4iesti ajutine vajadus, mis toimub vaid loetud korrad suve jooksul.<\/span><\/span><\/p>\n<p><span style=\"font-family: Arial, sans-serif;\"><span style=\"font-size: medium;\">EMA hinnangul on otstarbetu korraldada Lohusalu sadama \u00fcrituste aegset parkimist alal, mis j\u00e4\u00e4b sadamast 2 km kaugusele, kuna k\u00f5vakattega parkla rajamine rohev\u00f5rgustiku tuumalasse ja otse mererannale, pakkumaks kaheldavat tuge v\u00e4ga hooajalisele ning ajutisele tegevusele, ei saa \u00fcle kaaluda kohalikele elanikele ja loodusele p\u00f5hjustatavat kahju. Lohusalu sadamapubi ajutine \u00fcritusteks kasutamine ei kaalu \u00fcles Harju maakonna tasemel rohev\u00f5rgustiku tuumala metsakoosluse j\u00e4\u00e4davat h\u00e4vitamist.<\/span><\/span><\/p>\n<p><strong>Loe lisaks:<\/strong><\/p>\n<ul>\n<li><a href=\"https:\/\/www.eestimetsaabiks.ee\/wp-content\/uploads\/2018\/05\/Vastuv%C3%A4ide_Lohusalu_teemaplaneeringule15.05.2018.pdf\">VAIE LOHUSALU OSALISELE TEEMAPLANEERINGULE<\/a><\/li>\n<\/ul>","protected":false},"excerpt":{"rendered":"<p>&nbsp; Kodaniku\u00fchendus Eesti Metsa Abiks (EMA) esitas vaide L\u00e4\u00e4ne-Harju Vallavolikogu otsusega vastu v\u00f5etud Lohusalu k\u00fcla osalisele teemaplaneeringule, millega kavandatakse rohev\u00f5rgustiku tuumalale kokku 215 parkimiskohaga parklaid. Vaidele kirjutasid alla ka mitmed kohalikud elanikud, teiste seas helilooja Arvo P\u00e4rt ja tema naine Eleonora P\u00e4rt. &nbsp; Kolm suurt parklat kavandatakse otse kaitsemetsadesse, kohtade arvuga vastavalt 50, 60, ja [&hellip;]<\/p>\n","protected":false},"author":2,"featured_media":0,"comment_status":"closed","ping_status":"closed","sticky":false,"template":"","format":"standard","meta":{"inline_featured_image":false,"footnotes":""},"categories":[7],"tags":[],"class_list":["post-2601","post","type-post","status-publish","format-standard","hentry","category-uudised"],"_links":{"self":[{"href":"https:\/\/www.eestimetsaabiks.ee\/eng\/wp-json\/wp\/v2\/posts\/2601","targetHints":{"allow":["GET"]}}],"collection":[{"href":"https:\/\/www.eestimetsaabiks.ee\/eng\/wp-json\/wp\/v2\/posts"}],"about":[{"href":"https:\/\/www.eestimetsaabiks.ee\/eng\/wp-json\/wp\/v2\/types\/post"}],"author":[{"embeddable":true,"href":"https:\/\/www.eestimetsaabiks.ee\/eng\/wp-json\/wp\/v2\/users\/2"}],"replies":[{"embeddable":true,"href":"https:\/\/www.eestimetsaabiks.ee\/eng\/wp-json\/wp\/v2\/comments?post=2601"}],"version-history":[{"count":1,"href":"https:\/\/www.eestimetsaabiks.ee\/eng\/wp-json\/wp\/v2\/posts\/2601\/revisions"}],"predecessor-version":[{"id":9573,"href":"https:\/\/www.eestimetsaabiks.ee\/eng\/wp-json\/wp\/v2\/posts\/2601\/revisions\/9573"}],"wp:attachment":[{"href":"https:\/\/www.eestimetsaabiks.ee\/eng\/wp-json\/wp\/v2\/media?parent=2601"}],"wp:term":[{"taxonomy":"category","embeddable":true,"href":"https:\/\/www.eestimetsaabiks.ee\/eng\/wp-json\/wp\/v2\/categories?post=2601"},{"taxonomy":"post_tag","embeddable":true,"href":"https:\/\/www.eestimetsaabiks.ee\/eng\/wp-json\/wp\/v2\/tags?post=2601"}],"curies":[{"name":"wp","href":"https:\/\/api.w.org\/{rel}","templated":true}]}}