{"id":414,"date":"2018-01-28T01:03:37","date_gmt":"2018-01-27T23:03:37","guid":{"rendered":"http:\/\/eestimetsaabiks.emaliikumine.ee\/?page_id=414"},"modified":"2021-09-21T16:50:48","modified_gmt":"2021-09-21T16:50:48","slug":"tselluloositehase-vastane-meeleavaldus-tartus","status":"publish","type":"post","link":"https:\/\/www.eestimetsaabiks.ee\/eng\/tselluloositehase-vastane-meeleavaldus-tartus\/","title":{"rendered":"13.05.2017: TSELLULOOSITEHASE VASTANE MEELEAVALDUS"},"content":{"rendered":"<p>&nbsp;<\/p>\n<p><strong>Laup\u00e4eva hommikul kogunes Raekoja platsile \u00fcle 150 inimese, kes avaldasid meelt Eesti puidut\u00f6\u00f6sturite poolt plaanitava hiiglasliku tselluloositehase vastu.<\/strong>\u00a0V\u00f5imalikest t\u00f6\u00f6stusega kaasnevatest m\u00f5judest meie vesikonnale k\u00f5neles \u00f6kosemiootik Timo Maran, kes oli kaasa v\u00f5tnud purgit\u00e4ie Emaj\u00f5e vett. Maran selgitas, et kavandatav tehas hakkaks kasutama neli korda rohkem vett kui kogu Tartu linn hetkel kokku. Ida-Soomest p\u00e4rit lastekirjanik Mika Ker\u00e4nen jutustas aga ilmekalt oma isiklikest kogemustest \u00fclemerenaabrite tselluloositehase haisu ja reostusega.<\/p>\n<p>&nbsp;<\/p>\n<p><img fetchpriority=\"high\" decoding=\"async\" class=\"alignleft wp-image-415\" src=\"https:\/\/www.eestimetsaabiks.ee\/wp-content\/uploads\/2018\/01\/12UUDISED_tselluloositehase_meeleavaldus_2-300x202.jpg\" alt=\"\" width=\"507\" height=\"341\" \/><\/p>\n<p>S\u00f5na v\u00f5ttis ka Tartu linnapea Urmas Klaas, kes r\u00f5hutas oma k\u00f5nes eelk\u00f5ige seda, et tartlaste jaoks on esmat\u00e4htis nende elukeskkond ning et kavandatava tehase keskkonnam\u00f5jusid peab v\u00e4ga t\u00f5siselt uurima. P\u00e4ev enne eilset meeleavaldust kohtus EMA delegatsioon Klaasiga ka eraviisiliselt, et\u00a0 valgustada linnapeale kodanike s\u00fcveneva protestilaine tagamaid. Klaas avaldas valmidust kodanikega tselluloosit\u00f6\u00f6stuse arenemisplaanide k\u00fcsimuses tihedat koost\u00f6\u00f6d teha ning kuulata kindlasti ka praegusele metsandus- ja keskkonnapoliitikale oponeerivate teadlaste arvamust, kui spetsialistid esitavad tehase rajamise osas argumenteeritud kahtluse.<\/p>\n<p>P\u00e4rast k\u00f5nesid kaikus \u00fcle v\u00e4ljaku laul ja luule. Anne Maasiku trumm ja \u00fcrgne t\u00e4mber kajasid tasaselt ja sisendavalt \u00fcle platsi nagu tuules kahisev laas. Merca alias Merle J\u00e4\u00e4geri v\u00e4gev laulup\u00f6\u00f6rdumine hiiglasliku tehase kavandajate poole t\u00f5i judinad ihule ja nii m\u00f5nelegi ka pisarad silma: \u201e<em>\u00c4rki tekke mehek\u00f5s\u00f5q.. mis ti tiite? Viite hukka m\u00f5tsak\u00f5s\u00f5.. \u00e4rki viigeq!<\/em>\u201c Ka Contra alias Margus Konnula t\u00f5i publikule vee silma, aga sedapuhku musta huumori naerupisarad: \u201eMetsad l\u00e4hevad k\u00f5ik loosi, et saaks teha tselluloosi!\u201c Luuletaja Kristiina Ehin luges aga ette praegustest s\u00fcndmustest inspireeritud pika poeemi, tuletades valusalt meelde vajadust j\u00e4tta metsi, puhtaid j\u00f5gesid ja maad ka meie lastele.<\/p>\n<p>Raekoja platsilt liikus suursugune rongk\u00e4ik l\u00e4bi Tartu kesklinna kohaliku Keskkonnaameti kontorini, kus toimus veel mitmeid s\u00f5nav\u00f5tte ja vallandus elav diskussioon.<\/p>\n<p>&nbsp;<\/p>\n<p><strong>T\u00e4na hommikul saabus ka tselluloositehast kavandavate \u00e4rimeeste vastuskiri EMA liikmete poolt saadetud <a href=\"https:\/\/www.eestimetsaabiks.ee\/eng\/valmis-avalik-kiri-tselluloositehase-kavandajatele\/\">protestikirjale<\/a>.<\/strong> <strong>Loe \u00e4rimeeste vastust <a href=\"https:\/\/www.eestimetsaabiks.ee\/eng\/avalik-vastus-protestikirjale\/\">siit<\/a>.<\/strong><\/p>\n<p>&nbsp;<\/p>\n<p><img decoding=\"async\" class=\"aligncenter wp-image-437 size-full\" src=\"https:\/\/www.eestimetsaabiks.ee\/wp-content\/uploads\/2018\/01\/12UUDISED_tselluloositehase_meeleavaldus_3.jpg\" alt=\"\" width=\"992\" height=\"661\" \/><\/p>\n<p>&nbsp;<\/p>\n<p><strong>Loe lisaks:<\/strong><\/p>\n<p>&nbsp;<\/p>\n<ul>\n<li>8.05.2017:\u00a0<a href=\"https:\/\/www.eestimetsaabiks.ee\/eng\/tehase-kavandajate-jarjekordne-uritus\/\">TEHASE KAVANDAJATE TEINE INFO\u00dcRITUS<\/a><\/li>\n<li>5.05.2017:\u00a0<a href=\"https:\/\/www.eestimetsaabiks.ee\/eng\/valmis-avalik-kiri-tselluloositehase-kavandajatele\/\">ANTI \u00dcLE AVALIK KIRI TEHASE KAVANDAJATELE<\/a><\/li>\n<li>1.05.2017:\u00a0<a href=\"https:\/\/www.eestimetsaabiks.ee\/eng\/ema-matkas-vorbusele\/\">EMA MATKAS VORBUSELE<\/a><\/li>\n<li>12.04.2017:\u00a0<a href=\"https:\/\/www.eestimetsaabiks.ee\/eng\/est-for-investi-infokoosolek\/\">TEHASE KAVANDAJATE ESIMENE INFO\u00dcRITUS<\/a><\/li>\n<li>7.04.2017:\u00a0<a href=\"https:\/\/www.eestimetsaabiks.ee\/eng\/tselluloositehase-teemaline-poordumine\/\">TEINE TEHASE TEEMALINE P\u00d6\u00d6RDUMINE<\/a><\/li>\n<li>3.04.2017:\u00a0<a href=\"https:\/\/www.eestimetsaabiks.ee\/eng\/ema-palub-kaasamist\/\">ESIMENE TEHASE TEEMALINE P\u00d6\u00d6RDUMINE<\/a><\/li>\n<\/ul>","protected":false},"excerpt":{"rendered":"<p>&nbsp; Laup\u00e4eva hommikul kogunes Raekoja platsile \u00fcle 150 inimese, kes avaldasid meelt Eesti puidut\u00f6\u00f6sturite poolt plaanitava hiiglasliku tselluloositehase vastu.\u00a0V\u00f5imalikest t\u00f6\u00f6stusega kaasnevatest m\u00f5judest meie vesikonnale k\u00f5neles \u00f6kosemiootik Timo Maran, kes oli kaasa v\u00f5tnud purgit\u00e4ie Emaj\u00f5e vett. Maran selgitas, et kavandatav tehas hakkaks kasutama neli korda rohkem vett kui kogu Tartu linn hetkel kokku. Ida-Soomest p\u00e4rit lastekirjanik [&hellip;]<\/p>\n","protected":false},"author":2,"featured_media":0,"comment_status":"closed","ping_status":"closed","sticky":false,"template":"","format":"standard","meta":{"inline_featured_image":false,"footnotes":""},"categories":[7],"tags":[],"class_list":["post-414","post","type-post","status-publish","format-standard","hentry","category-uudised"],"_links":{"self":[{"href":"https:\/\/www.eestimetsaabiks.ee\/eng\/wp-json\/wp\/v2\/posts\/414","targetHints":{"allow":["GET"]}}],"collection":[{"href":"https:\/\/www.eestimetsaabiks.ee\/eng\/wp-json\/wp\/v2\/posts"}],"about":[{"href":"https:\/\/www.eestimetsaabiks.ee\/eng\/wp-json\/wp\/v2\/types\/post"}],"author":[{"embeddable":true,"href":"https:\/\/www.eestimetsaabiks.ee\/eng\/wp-json\/wp\/v2\/users\/2"}],"replies":[{"embeddable":true,"href":"https:\/\/www.eestimetsaabiks.ee\/eng\/wp-json\/wp\/v2\/comments?post=414"}],"version-history":[{"count":1,"href":"https:\/\/www.eestimetsaabiks.ee\/eng\/wp-json\/wp\/v2\/posts\/414\/revisions"}],"predecessor-version":[{"id":9651,"href":"https:\/\/www.eestimetsaabiks.ee\/eng\/wp-json\/wp\/v2\/posts\/414\/revisions\/9651"}],"wp:attachment":[{"href":"https:\/\/www.eestimetsaabiks.ee\/eng\/wp-json\/wp\/v2\/media?parent=414"}],"wp:term":[{"taxonomy":"category","embeddable":true,"href":"https:\/\/www.eestimetsaabiks.ee\/eng\/wp-json\/wp\/v2\/categories?post=414"},{"taxonomy":"post_tag","embeddable":true,"href":"https:\/\/www.eestimetsaabiks.ee\/eng\/wp-json\/wp\/v2\/tags?post=414"}],"curies":[{"name":"wp","href":"https:\/\/api.w.org\/{rel}","templated":true}]}}